{"id":133,"date":"2024-10-08T14:23:15","date_gmt":"2024-10-08T20:23:15","guid":{"rendered":"https:\/\/voxiuris.com\/?p=133"},"modified":"2024-10-12T14:42:36","modified_gmt":"2024-10-12T20:42:36","slug":"jesus-gomez-serrano-guatemala","status":"publish","type":"post","link":"https:\/\/voxiuris.com\/index.php\/2024\/10\/08\/jesus-gomez-serrano-guatemala\/","title":{"rendered":"Admisibilidad del caso m\u00e1ximo milagro de Jes\u00fas Gom\u00e9z Serrano &#8211; Guatemala en la corte interamericana de los Derechos Humanos"},"content":{"rendered":"\t\t<div data-elementor-type=\"wp-post\" data-elementor-id=\"133\" class=\"elementor elementor-133\" data-elementor-post-type=\"post\">\n\t\t\t\t<div class=\"elementor-element elementor-element-56b41721 e-flex e-con-boxed e-con e-parent\" data-id=\"56b41721\" data-element_type=\"container\" data-settings=\"{&quot;background_background&quot;:&quot;classic&quot;}\">\n\t\t\t\t\t<div class=\"e-con-inner\">\n\t\t<div class=\"elementor-element elementor-element-7beab5c2 e-con-full e-flex e-con e-child\" data-id=\"7beab5c2\" data-element_type=\"container\">\n\t\t\t\t<div class=\"elementor-element elementor-element-f9fd206 elementor-invisible elementor-widget elementor-widget-heading\" data-id=\"f9fd206\" data-element_type=\"widget\" data-settings=\"{&quot;_animation&quot;:&quot;fadeInLeft&quot;}\" data-widget_type=\"heading.default\">\n\t\t\t\t<div class=\"elementor-widget-container\">\n\t\t\t<h1 class=\"elementor-heading-title elementor-size-default\">Admisibilidad del caso m\u00e1ximo milagro de Jes\u00fas Gom\u00e9z Serrano -<\/br> Guatemala en la corte interamericana de los Derechos Humanos<\/h1>\t\t<\/div>\n\t\t\t\t<\/div>\n\t\t\t\t<\/div>\n\t\t\t\t\t<\/div>\n\t\t\t\t<\/div>\n\t\t<div class=\"elementor-element elementor-element-7e02a59 e-flex e-con-boxed elementor-invisible e-con e-parent\" data-id=\"7e02a59\" data-element_type=\"container\" data-settings=\"{&quot;animation&quot;:&quot;fadeIn&quot;}\">\n\t\t\t\t\t<div class=\"e-con-inner\">\n\t\t<div class=\"elementor-element elementor-element-67fcf005 e-con-full e-flex e-con e-child\" data-id=\"67fcf005\" data-element_type=\"container\">\n\t\t\t\t<div class=\"elementor-element elementor-element-4f3735a1 elementor-widget elementor-widget-image\" data-id=\"4f3735a1\" data-element_type=\"widget\" data-widget_type=\"image.default\">\n\t\t\t\t<div class=\"elementor-widget-container\">\n\t\t\t\t\t\t\t\t\t\t\t\t\t<img fetchpriority=\"high\" decoding=\"async\" width=\"740\" height=\"490\" src=\"https:\/\/voxiuris.com\/wp-content\/uploads\/2024\/10\/derechos-humanos.webp\" class=\"attachment-full size-full wp-image-136\" alt=\"\" srcset=\"https:\/\/voxiuris.com\/wp-content\/uploads\/2024\/10\/derechos-humanos.webp 740w, https:\/\/voxiuris.com\/wp-content\/uploads\/2024\/10\/derechos-humanos-300x199.webp 300w\" sizes=\"(max-width: 740px) 100vw, 740px\" \/>\t\t\t\t\t\t\t\t\t\t\t\t\t<\/div>\n\t\t\t\t<\/div>\n\t\t\t\t<div class=\"elementor-element elementor-element-755e94bb elementor-icon-list--layout-inline elementor-list-item-link-full_width elementor-widget elementor-widget-icon-list\" data-id=\"755e94bb\" data-element_type=\"widget\" data-widget_type=\"icon-list.default\">\n\t\t\t\t<div class=\"elementor-widget-container\">\n\t\t\t\t\t<ul class=\"elementor-icon-list-items elementor-inline-items\">\n\t\t\t\t\t\t\t<li class=\"elementor-icon-list-item elementor-inline-item\">\n\t\t\t\t\t\t\t\t\t\t\t<a href=\"#\">\n\n\t\t\t\t\t\t\t\t\t\t\t\t<span class=\"elementor-icon-list-icon\">\n\t\t\t\t\t\t\t<svg aria-hidden=\"true\" class=\"e-font-icon-svg e-far-user-circle\" viewBox=\"0 0 496 512\" xmlns=\"http:\/\/www.w3.org\/2000\/svg\"><path d=\"M248 104c-53 0-96 43-96 96s43 96 96 96 96-43 96-96-43-96-96-96zm0 144c-26.5 0-48-21.5-48-48s21.5-48 48-48 48 21.5 48 48-21.5 48-48 48zm0-240C111 8 0 119 0 256s111 248 248 248 248-111 248-248S385 8 248 8zm0 448c-49.7 0-95.1-18.3-130.1-48.4 14.9-23 40.4-38.6 69.6-39.5 20.8 6.4 40.6 9.6 60.5 9.6s39.7-3.1 60.5-9.6c29.2 1 54.7 16.5 69.6 39.5-35 30.1-80.4 48.4-130.1 48.4zm162.7-84.1c-24.4-31.4-62.1-51.9-105.1-51.9-10.2 0-26 9.6-57.6 9.6-31.5 0-47.4-9.6-57.6-9.6-42.9 0-80.6 20.5-105.1 51.9C61.9 339.2 48 299.2 48 256c0-110.3 89.7-200 200-200s200 89.7 200 200c0 43.2-13.9 83.2-37.3 115.9z\"><\/path><\/svg>\t\t\t\t\t\t<\/span>\n\t\t\t\t\t\t\t\t\t\t<span class=\"elementor-icon-list-text\">Por Paulina Zepeda Zepeda<\/span>\n\t\t\t\t\t\t\t\t\t\t\t<\/a>\n\t\t\t\t\t\t\t\t\t<\/li>\n\t\t\t\t\t\t\t\t<li class=\"elementor-icon-list-item elementor-inline-item\">\n\t\t\t\t\t\t\t\t\t\t<span class=\"elementor-icon-list-text\">VOX IURIS<\/span>\n\t\t\t\t\t\t\t\t\t<\/li>\n\t\t\t\t\t\t\t\t<li class=\"elementor-icon-list-item elementor-inline-item\">\n\t\t\t\t\t\t\t\t\t\t<span class=\"elementor-icon-list-text\">21\/5\/2024<\/span>\n\t\t\t\t\t\t\t\t\t<\/li>\n\t\t\t\t\t\t<\/ul>\n\t\t\t\t<\/div>\n\t\t\t\t<\/div>\n\t\t\t\t<div class=\"elementor-element elementor-element-4c036483 elementor-widget elementor-widget-text-editor\" data-id=\"4c036483\" data-element_type=\"widget\" data-widget_type=\"text-editor.default\">\n\t\t\t\t<div class=\"elementor-widget-container\">\n\t\t\t\t\t\t\t<div data-breakout=\"normal\"><div data-breakout=\"normal\"><p id=\"viewer-tyv514902\" class=\"qdI7b _4rI8L JKQpO _8x74a\" dir=\"auto\"><span class=\"ECOlE\">La Constituci\u00f3n Pol\u00edtica de la Rep\u00fablica de Guatemala, siendo el cuerpo normativo de mayor jerarqu\u00eda, en su art\u00edculo 46 reconoce la preeminencia del Derecho Internacional, en materia de derechos humanos, los tratados y convenciones aceptadas y ratificadas por Guatemala, tienen preeminencia sobre el derecho interno. Por lo que, las convenciones internacionales y\/o tratados internacionales referentes a derechos humanos deben de tenerse en cuenta en todo momento para una resoluci\u00f3n.<\/span><\/p><\/div><div data-breakout=\"normal\"><p id=\"viewer-6kvbu4909\" class=\"qdI7b _4rI8L wI9em _8x74a\" dir=\"auto\"><span class=\"ECOlE wI9em\">El caso de Maximino Milagro de Jes\u00fas G\u00f3mez Serrano, fue admitido por la Corte Interamericana de Derechos Humanos (Corte IDH, en adelante) para su juzgamiento, el veintinueve de diciembre del a\u00f1o dos mil veintitr\u00e9s. La petici\u00f3n hace referencia a la privaci\u00f3n de libertad durante ocho a\u00f1os de Maximino Milagro de Jes\u00fas G\u00f3mez Serrano, dentro de un proceso penal. La solicitud ante la Comisi\u00f3n Interamericana de Derechos Humanos, fue basada en que el Estado de Guatemala es un Estado parte dentro de la Convenci\u00f3n Americana sobre Derechos Humanos.\u00a0<\/span><\/p><\/div><div data-breakout=\"normal\"><p id=\"viewer-a148p4912\" class=\"qdI7b _4rI8L wI9em _8x74a\" dir=\"auto\"><span class=\"ECOlE wI9em\">En el a\u00f1o 2015 el se\u00f1or Maximino Milagro de Jes\u00fas G\u00f3mez Serrano, fue vinculado al proceso\u00a0 C-1090-2013-00401, dentro del cual se decret\u00f3 auto de procesamiento y prisi\u00f3n preventiva en contra del peticionario, vincul\u00e1ndolo por los delitos de asociaci\u00f3n il\u00edcita y cohecho pasivo. Durante ese a\u00f1o, el se\u00f1or G\u00f3mez estuvo encarcelado en varios centros de prisi\u00f3n, alegando traslados injustificados, sin comunicaci\u00f3n con sus familiares y en condiciones inhumanas, adem\u00e1s padeci\u00f3 problemas de salud derivados de la prisi\u00f3n preventiva.<\/span><\/p><\/div><div data-breakout=\"normal\"><p id=\"viewer-8fg8m4959\" class=\"qdI7b _4rI8L wI9em _8x74a\" dir=\"auto\"><span class=\"ECOlE wI9em\">Declara el se\u00f1or G\u00f3mez, que desde que fue vinculado a proceso fueron suspendidas y aplazadas las audiencias de acusaci\u00f3n formal y hasta el a\u00f1o 2016 finalmente fue realizada la audiencia correspondiente. Hasta el a\u00f1o 2020, fue programada y desarrollada la audiencia de apertura a juicio y declarada sentencia condenatoria. El se\u00f1or G\u00f3mez, se ha encontrado recluido en prisi\u00f3n preventiva desde el 15 de julio del a\u00f1o 2015 hasta el a\u00f1o 2020; si bien el art\u00edculo 268 del C\u00f3digo Procesal Penal regula la pr\u00f3rroga de los plazos de prisi\u00f3n preventiva, el cual es de un a\u00f1o, se puede extender indefinidamente.\u00a0<\/span><\/p><\/div><\/div>\t\t\t\t\t\t<\/div>\n\t\t\t\t<\/div>\n\t\t\t\t<div class=\"elementor-element elementor-element-7474c31b elementor-widget elementor-widget-text-editor\" data-id=\"7474c31b\" data-element_type=\"widget\" data-widget_type=\"text-editor.default\">\n\t\t\t\t<div class=\"elementor-widget-container\">\n\t\t\t\t\t\t\t<div data-breakout=\"normal\"><p id=\"viewer-iib1p4915\" class=\"qdI7b _4rI8L wI9em _8x74a\" dir=\"auto\"><span class=\"ECOlE wI9em\">La Comisi\u00f3n Interamericana de Derechos Humanos (en adelante, CIDH), es el \u00f3rgano competente para analizar la petici\u00f3n y que la misma sea admitida para ser juzgada por la Corte IDH, por lo que se realiza una evaluaci\u00f3n prima facie para determinar si la petici\u00f3n contiene fundamento de vulneraci\u00f3n, posible o potencial, de un derecho humano garantizado y reconocido en la Convenci\u00f3n, pero no tiene alcance para\u00a0 establecer fehacientemente la violaci\u00f3n de derechos, tal como se dispone en el art\u00edculo 46.1 de la Convenci\u00f3n Americana sobre Derechos Humanos.<\/span><\/p><\/div><div data-breakout=\"normal\"><p id=\"viewer-n2ays4918\" class=\"qdI7b _4rI8L wI9em _8x74a\" dir=\"auto\"><span class=\"ECOlE wI9em\">La CIDH, observ\u00f3 que las condiciones en las cuales el se\u00f1or G\u00f3mez se encontraba en prisi\u00f3n preventiva eran contrarias a la dignidad humana y que se encontraron indicios de haber sufrido en custodia, da\u00f1os f\u00edsicos y psicol\u00f3gicos, por lo que en su\u00a0 informe de admisibilidad, se\u00f1ala que el se\u00f1or L\u00f3pez ha sido detenido ilegalmente dentro del marco del proceso penal en el que se encuentra, con riesgo de que est\u00e9n siendo vulnerados otros derechos como los de la integridad f\u00edsica y su dignidad.\u00a0<\/span><\/p><\/div><div data-breakout=\"normal\"><p id=\"viewer-r3php4921\" class=\"qdI7b _4rI8L wI9em _8x74a\" dir=\"auto\"><span class=\"ECOlE wI9em\">De igual forma la CIDH, estima que el se\u00f1or L\u00f3pez ha estado privado de libertad por un tiempo prolongado, fuera de los l\u00edmites generales, como consecuencia de un proceso penal retardado, lo cual ha generado que la v\u00edctima haya pasado un total de ocho a\u00f1os en prisi\u00f3n preventiva.<\/span><\/p><\/div><div data-breakout=\"normal\"><p id=\"viewer-2s0r04924\" class=\"qdI7b _4rI8L wI9em _8x74a\" dir=\"auto\"><span class=\"ECOlE wI9em\">Es importante recordar que, en este contexto, el principio de presunci\u00f3n de inocencia constituye un fundamento de las garant\u00edas judiciales, reconocido en el art\u00edculo 14 del C\u00f3digo Procesal Penal \u201cTratamiento como inocente\u201d y en el art\u00edculo 8.2 de la Convenci\u00f3n Americana sobre Derechos Humanos.<\/span><\/p><\/div><div data-breakout=\"normal\"><p id=\"viewer-211ju4997\" class=\"qdI7b _4rI8L wI9em _8x74a\" dir=\"auto\"><span class=\"ECOlE wI9em\">El caso Ibsen C\u00e1rdenas e Ibsen Pe\u00f1a vs. Bolivia, de la Corte IDH, pone en atenci\u00f3n la necesidad de garantizar los derechos de las personas perjudicadas. Una demora prolongada puede llegar a significar por s\u00ed misma, una violaci\u00f3n de garant\u00edas judiciales. Por lo que, a base de esos aspectos de <em>prima facie,<\/em> las cuales se constituyen como potenciales violaciones a los derechos fundamentales de la v\u00edctima, la Comisi\u00f3n IDH reconoce que se amerita un estudio de fondo por parte de la Corte IDH.\u00a0<\/span><\/p><\/div><div data-breakout=\"normal\"><p id=\"viewer-h3b5t4929\" class=\"qdI7b _4rI8L wI9em _8x74a\" dir=\"auto\"><span class=\"ECOlE wI9em\">La Comisi\u00f3n IDH, al aceptar para su tr\u00e1mite la petici\u00f3n no pretende suplantar la competencia de las autoridades judiciales guatemaltecas, sino que establece el an\u00e1lisis para declarar admisible una petici\u00f3n y fallar sobre el fondo cuando esta verse sobre procesos internos que sean violatorios de derechos garantizados por la Convenci\u00f3n Americana.\u00a0<\/span><\/p><\/div><div data-breakout=\"normal\"><p id=\"viewer-j4pvr4932\" class=\"qdI7b _4rI8L wI9em _8x74a\" dir=\"auto\"><span class=\"ECOlE wI9em\">El juzgamiento versar\u00e1 sobre si fueron respetadas las garant\u00edas al debido proceso y la protecci\u00f3n judicial establecidos en la Convenci\u00f3n Americana, por lo que ser\u00e1 un an\u00e1lisis a los est\u00e1ndares y normas aplicables del derecho internacional de los derechos humanos.\u00a0<\/span><\/p><\/div><div data-breakout=\"normal\"><p id=\"viewer-wg8ym4935\" class=\"qdI7b _4rI8L wI9em _8x74a\" dir=\"auto\"><span class=\"ECOlE wI9em\">Por lo anterior, se ha decidido declarar admisible la petici\u00f3n realizada por el se\u00f1or L\u00f3pez con relaci\u00f3n a los art\u00edculos 5, 7, 8 y 25 de la Convenci\u00f3n Americana sobre Derechos Humanos.<\/span><\/p><\/div>\t\t\t\t\t\t<\/div>\n\t\t\t\t<\/div>\n\t\t<div class=\"elementor-element elementor-element-17907695 e-con-full e-flex e-con e-child\" data-id=\"17907695\" data-element_type=\"container\">\n\t\t<div class=\"elementor-element elementor-element-1213016d e-con-full e-flex e-con e-child\" data-id=\"1213016d\" data-element_type=\"container\">\n\t\t\t\t<div class=\"elementor-element elementor-element-41f78e33 elementor-icon-list--layout-inline elementor-align-center elementor-tablet-align-left elementor-list-item-link-full_width elementor-widget elementor-widget-icon-list\" data-id=\"41f78e33\" data-element_type=\"widget\" data-widget_type=\"icon-list.default\">\n\t\t\t\t<div class=\"elementor-widget-container\">\n\t\t\t\t\t<ul class=\"elementor-icon-list-items elementor-inline-items\">\n\t\t\t\t\t\t\t<li class=\"elementor-icon-list-item elementor-inline-item\">\n\t\t\t\t\t\t\t\t\t\t\t<a href=\"#\">\n\n\t\t\t\t\t\t\t\t\t\t\t\t<span class=\"elementor-icon-list-icon\">\n\t\t\t\t\t\t\t<i aria-hidden=\"true\" class=\"icon icon-facebook\"><\/i>\t\t\t\t\t\t<\/span>\n\t\t\t\t\t\t\t\t\t\t<span class=\"elementor-icon-list-text\"><\/span>\n\t\t\t\t\t\t\t\t\t\t\t<\/a>\n\t\t\t\t\t\t\t\t\t<\/li>\n\t\t\t\t\t\t\t\t<li class=\"elementor-icon-list-item elementor-inline-item\">\n\t\t\t\t\t\t\t\t\t\t\t<span class=\"elementor-icon-list-icon\">\n\t\t\t\t\t\t\t<svg aria-hidden=\"true\" class=\"e-font-icon-svg e-fab-x-twitter\" viewBox=\"0 0 512 512\" xmlns=\"http:\/\/www.w3.org\/2000\/svg\"><path d=\"M389.2 48h70.6L305.6 224.2 487 464H345L233.7 318.6 106.5 464H35.8L200.7 275.5 26.8 48H172.4L272.9 180.9 389.2 48zM364.4 421.8h39.1L151.1 88h-42L364.4 421.8z\"><\/path><\/svg>\t\t\t\t\t\t<\/span>\n\t\t\t\t\t\t\t\t\t\t<span class=\"elementor-icon-list-text\"><\/span>\n\t\t\t\t\t\t\t\t\t<\/li>\n\t\t\t\t\t\t\t\t<li class=\"elementor-icon-list-item elementor-inline-item\">\n\t\t\t\t\t\t\t\t\t\t\t<a href=\"#\">\n\n\t\t\t\t\t\t\t\t\t\t\t\t<span class=\"elementor-icon-list-icon\">\n\t\t\t\t\t\t\t<i aria-hidden=\"true\" class=\"icon icon-linkedin\"><\/i>\t\t\t\t\t\t<\/span>\n\t\t\t\t\t\t\t\t\t\t<span class=\"elementor-icon-list-text\"><\/span>\n\t\t\t\t\t\t\t\t\t\t\t<\/a>\n\t\t\t\t\t\t\t\t\t<\/li>\n\t\t\t\t\t\t\t\t<li class=\"elementor-icon-list-item elementor-inline-item\">\n\t\t\t\t\t\t\t\t\t\t\t<a href=\"#\">\n\n\t\t\t\t\t\t\t\t\t\t\t\t<span class=\"elementor-icon-list-icon\">\n\t\t\t\t\t\t\t<i aria-hidden=\"true\" class=\"icon icon-instagram-1\"><\/i>\t\t\t\t\t\t<\/span>\n\t\t\t\t\t\t\t\t\t\t<span class=\"elementor-icon-list-text\"><\/span>\n\t\t\t\t\t\t\t\t\t\t\t<\/a>\n\t\t\t\t\t\t\t\t\t<\/li>\n\t\t\t\t\t\t<\/ul>\n\t\t\t\t<\/div>\n\t\t\t\t<\/div>\n\t\t<div class=\"elementor-element elementor-element-534c6e7a e-con-full e-flex e-con e-child\" data-id=\"534c6e7a\" data-element_type=\"container\" data-settings=\"{&quot;background_background&quot;:&quot;classic&quot;}\">\n\t\t\t\t<div class=\"elementor-element elementor-element-1513e91 elementor-widget elementor-widget-image\" data-id=\"1513e91\" data-element_type=\"widget\" data-widget_type=\"image.default\">\n\t\t\t\t<div class=\"elementor-widget-container\">\n\t\t\t\t\t\t\t\t\t\t\t\t\t<img decoding=\"async\" width=\"740\" height=\"247\" src=\"https:\/\/voxiuris.com\/wp-content\/uploads\/2024\/10\/zepeda-zepeda.webp\" class=\"attachment-large size-large wp-image-137\" alt=\"\" srcset=\"https:\/\/voxiuris.com\/wp-content\/uploads\/2024\/10\/zepeda-zepeda.webp 740w, https:\/\/voxiuris.com\/wp-content\/uploads\/2024\/10\/zepeda-zepeda-300x100.webp 300w\" sizes=\"(max-width: 740px) 100vw, 740px\" \/>\t\t\t\t\t\t\t\t\t\t\t\t\t<\/div>\n\t\t\t\t<\/div>\n\t\t\t\t<\/div>\n\t\t<div class=\"elementor-element elementor-element-c327af4 e-con-full elementor-hidden-desktop elementor-hidden-tablet elementor-hidden-mobile e-flex e-con e-child\" data-id=\"c327af4\" data-element_type=\"container\" data-settings=\"{&quot;background_background&quot;:&quot;classic&quot;}\">\n\t\t\t\t<div class=\"elementor-element elementor-element-520a6c6 elementor-widget elementor-widget-heading\" data-id=\"520a6c6\" data-element_type=\"widget\" data-widget_type=\"heading.default\">\n\t\t\t\t<div class=\"elementor-widget-container\">\n\t\t\t<h4 class=\"elementor-heading-title elementor-size-default\">Otros Art\u00edculos <\/h4>\t\t<\/div>\n\t\t\t\t<\/div>\n\t\t\t\t<div class=\"elementor-element elementor-element-3c2d655 elementor-widget elementor-widget-elementskit-post-list\" data-id=\"3c2d655\" data-element_type=\"widget\" data-widget_type=\"elementskit-post-list.default\">\n\t\t\t\t<div class=\"elementor-widget-container\">\n\t\t\t<div class=\"ekit-wid-con\" >\t\t<ul class=\"elementor-icon-list-items ekit-post-list-wrapper \">\n\t\t\t\t\t\t<li class=\"elementor-icon-list-item   \">\n\t\t\t\t<a href=\"https:\/\/voxiuris.com\/index.php\/2025\/11\/24\/boletin-universitario-el-rol-de-la-mujer-en-el-derecho\/\" >\n\t\t\t\t\t<img decoding=\"async\" width=\"800\" height=\"800\" src=\"https:\/\/voxiuris.com\/wp-content\/uploads\/2025\/11\/boletin-mujer-1024x1024.jpeg\" class=\"attachment-large size-large wp-post-image\" alt=\"\" srcset=\"https:\/\/voxiuris.com\/wp-content\/uploads\/2025\/11\/boletin-mujer-1024x1024.jpeg 1024w, https:\/\/voxiuris.com\/wp-content\/uploads\/2025\/11\/boletin-mujer-300x300.jpeg 300w, https:\/\/voxiuris.com\/wp-content\/uploads\/2025\/11\/boletin-mujer-150x150.jpeg 150w, https:\/\/voxiuris.com\/wp-content\/uploads\/2025\/11\/boletin-mujer-768x768.jpeg 768w, https:\/\/voxiuris.com\/wp-content\/uploads\/2025\/11\/boletin-mujer.jpeg 1080w\" sizes=\"(max-width: 800px) 100vw, 800px\" \/>\t\t\t\t\t<div class=\"ekit_post_list_content_wraper\">\n\t\t\t\t\t\t\n\t\t\t\t\t\t<span class=\"elementor-icon-list-text\">Bolet\u00edn Universitario \u2013 El Rol de la Mujer en el Derecho<\/span>\n\n\t\t\t\t\t\t\t\t\t\t\t<\/div>\n\t\t\t\t<\/a>\n\t\t\t<\/li>\n\t\t\t\t\t<li class=\"elementor-icon-list-item   \">\n\t\t\t\t<a href=\"https:\/\/voxiuris.com\/index.php\/2025\/11\/19\/rrhh-en-los-bufetes-de-guatemala-un-panorama-en-evolucion-parte-1-de-2\/\" >\n\t\t\t\t\t<img loading=\"lazy\" decoding=\"async\" width=\"800\" height=\"800\" src=\"https:\/\/voxiuris.com\/wp-content\/uploads\/2025\/11\/BOLETIN-1024x1024.jpeg\" class=\"attachment-large size-large wp-post-image\" alt=\"\" srcset=\"https:\/\/voxiuris.com\/wp-content\/uploads\/2025\/11\/BOLETIN-1024x1024.jpeg 1024w, https:\/\/voxiuris.com\/wp-content\/uploads\/2025\/11\/BOLETIN-300x300.jpeg 300w, https:\/\/voxiuris.com\/wp-content\/uploads\/2025\/11\/BOLETIN-150x150.jpeg 150w, https:\/\/voxiuris.com\/wp-content\/uploads\/2025\/11\/BOLETIN-768x768.jpeg 768w, https:\/\/voxiuris.com\/wp-content\/uploads\/2025\/11\/BOLETIN.jpeg 1080w\" sizes=\"(max-width: 800px) 100vw, 800px\" \/>\t\t\t\t\t<div class=\"ekit_post_list_content_wraper\">\n\t\t\t\t\t\t\n\t\t\t\t\t\t<span class=\"elementor-icon-list-text\">RRHH en los bufetes de Guatemala: un panorama en evoluci\u00f3n (Parte 1 de 2)<\/span>\n\n\t\t\t\t\t\t\t\t\t\t\t<\/div>\n\t\t\t\t<\/a>\n\t\t\t<\/li>\n\t\t\t\t\t<li class=\"elementor-icon-list-item   \">\n\t\t\t\t<a href=\"https:\/\/voxiuris.com\/index.php\/2025\/11\/15\/martin-castellanos-la-trayectoria-de-quien-vive-sus-valores\/\" >\n\t\t\t\t\t<img loading=\"lazy\" decoding=\"async\" width=\"800\" height=\"534\" src=\"https:\/\/voxiuris.com\/wp-content\/uploads\/2025\/11\/foto-20-1024x683.jpeg\" class=\"attachment-large size-large wp-post-image\" alt=\"\" srcset=\"https:\/\/voxiuris.com\/wp-content\/uploads\/2025\/11\/foto-20-1024x683.jpeg 1024w, https:\/\/voxiuris.com\/wp-content\/uploads\/2025\/11\/foto-20-300x200.jpeg 300w, https:\/\/voxiuris.com\/wp-content\/uploads\/2025\/11\/foto-20-768x512.jpeg 768w, https:\/\/voxiuris.com\/wp-content\/uploads\/2025\/11\/foto-20-1536x1024.jpeg 1536w, https:\/\/voxiuris.com\/wp-content\/uploads\/2025\/11\/foto-20-2048x1365.jpeg 2048w\" sizes=\"(max-width: 800px) 100vw, 800px\" \/>\t\t\t\t\t<div class=\"ekit_post_list_content_wraper\">\n\t\t\t\t\t\t\n\t\t\t\t\t\t<span class=\"elementor-icon-list-text\">Mart\u00edn Castellanos: La trayectoria de quien vive sus valores<\/span>\n\n\t\t\t\t\t\t\t\t\t\t\t<\/div>\n\t\t\t\t<\/a>\n\t\t\t<\/li>\n\t\t\t\t\t<li class=\"elementor-icon-list-item   \">\n\t\t\t\t<a href=\"https:\/\/voxiuris.com\/index.php\/2025\/10\/20\/licda-elisa-lacs-excelencia-liderazgo-y-futuro-del-derecho\/\" >\n\t\t\t\t\t<img loading=\"lazy\" decoding=\"async\" width=\"800\" height=\"790\" src=\"https:\/\/voxiuris.com\/wp-content\/uploads\/2025\/10\/elisa-lacs-1024x1011.jpg\" class=\"attachment-large size-large wp-post-image\" alt=\"\" srcset=\"https:\/\/voxiuris.com\/wp-content\/uploads\/2025\/10\/elisa-lacs-1024x1011.jpg 1024w, https:\/\/voxiuris.com\/wp-content\/uploads\/2025\/10\/elisa-lacs-300x296.jpg 300w, https:\/\/voxiuris.com\/wp-content\/uploads\/2025\/10\/elisa-lacs-768x758.jpg 768w, https:\/\/voxiuris.com\/wp-content\/uploads\/2025\/10\/elisa-lacs-1536x1517.jpg 1536w, https:\/\/voxiuris.com\/wp-content\/uploads\/2025\/10\/elisa-lacs-2048x2022.jpg 2048w\" sizes=\"(max-width: 800px) 100vw, 800px\" \/>\t\t\t\t\t<div class=\"ekit_post_list_content_wraper\">\n\t\t\t\t\t\t\n\t\t\t\t\t\t<span class=\"elementor-icon-list-text\">Licda. Elisa Lacs: Excelencia, Liderazgo y Futuro del Derecho<\/span>\n\n\t\t\t\t\t\t\t\t\t\t\t<\/div>\n\t\t\t\t<\/a>\n\t\t\t<\/li>\n\t\t\t\t\t<li class=\"elementor-icon-list-item   \">\n\t\t\t\t<a href=\"https:\/\/voxiuris.com\/index.php\/2025\/09\/23\/articulo-por-el-dia-del-abogado\/\" >\n\t\t\t\t\t<img loading=\"lazy\" decoding=\"async\" width=\"800\" height=\"534\" src=\"https:\/\/voxiuris.com\/wp-content\/uploads\/2025\/09\/ChatGPT-Image-23-sept-2025-21_01_20-1024x683.png\" class=\"attachment-large size-large wp-post-image\" alt=\"\" srcset=\"https:\/\/voxiuris.com\/wp-content\/uploads\/2025\/09\/ChatGPT-Image-23-sept-2025-21_01_20-1024x683.png 1024w, https:\/\/voxiuris.com\/wp-content\/uploads\/2025\/09\/ChatGPT-Image-23-sept-2025-21_01_20-300x200.png 300w, https:\/\/voxiuris.com\/wp-content\/uploads\/2025\/09\/ChatGPT-Image-23-sept-2025-21_01_20-768x512.png 768w, https:\/\/voxiuris.com\/wp-content\/uploads\/2025\/09\/ChatGPT-Image-23-sept-2025-21_01_20.png 1536w\" sizes=\"(max-width: 800px) 100vw, 800px\" \/>\t\t\t\t\t<div class=\"ekit_post_list_content_wraper\">\n\t\t\t\t\t\t\n\t\t\t\t\t\t<span class=\"elementor-icon-list-text\">Articulo por el d\u00eda del abogado<\/span>\n\n\t\t\t\t\t\t\t\t\t\t\t<\/div>\n\t\t\t\t<\/a>\n\t\t\t<\/li>\n\t\t\t\t<\/ul>\n\t\t<\/div>\t\t<\/div>\n\t\t\t\t<\/div>\n\t\t\t\t<\/div>\n\t\t\t\t<\/div>\n\t\t\t\t<\/div>\n\t\t\t\t<div class=\"elementor-element elementor-element-cc2f8d9 elementor-widget elementor-widget-text-editor\" data-id=\"cc2f8d9\" data-element_type=\"widget\" data-widget_type=\"text-editor.default\">\n\t\t\t\t<div class=\"elementor-widget-container\">\n\t\t\t\t\t\t\t<div data-breakout=\"normal\"><div data-breakout=\"normal\"><p id=\"viewer-yxn265410\" class=\"qdI7b _4rI8L JKQpO _8x74a\" dir=\"auto\"><span class=\"ECOlE\">Referencias: <\/span><\/p><\/div><div data-hook=\"rcv-block32\">\u00a0<\/div><div data-breakout=\"normal\"><ul class=\"_28NaN JKQpO\"><li class=\"_20rRF\" dir=\"auto\" aria-level=\"1\"><p id=\"viewer-arbta5681\" class=\"qdI7b _4rI8L JKQpO _8x74a\" dir=\"\"><span class=\"ECOlE\">Asamblea Nacional Constituyente de la Ciudad de Guatemala, <em>Constituci\u00f3n Pol\u00edtica de la Rep\u00fablica de Guatemala,<\/em>\u00a0Guatemala, 1985.<\/span><\/p><\/li><li class=\"_20rRF\" dir=\"auto\" aria-level=\"1\"><p id=\"viewer-av53n5803\" class=\"qdI7b _4rI8L wI9em _8x74a\" dir=\"\"><span class=\"ECOlE wI9em\">Organizaci\u00f3n de los Estados Americanos. Convenci\u00f3n Americana sobre Derechos Humanos. Costa Rica. 1969.<\/span><\/p><\/li><li class=\"_20rRF\" dir=\"auto\" aria-level=\"1\"><p id=\"viewer-uam6j5708\" class=\"qdI7b _4rI8L wI9em _8x74a\" dir=\"\"><span class=\"ECOlE wI9em\">CIDH, Informe No. 347\/23. Petici\u00f3n 2395-17 Admisibilidad. Maximino Milagro de Jes\u00fas G\u00f3mez Serrano. Guatemala. 29 de diciembre de 2023.\u00a0<\/span><\/p><\/li><\/ul><\/div><\/div><div data-breakout=\"normal\"><p id=\"viewer-hdzmg7278\" class=\"qdI7b _4rI8L JKQpO _8x74a\" dir=\"\">\u00a0<\/p><\/div>\t\t\t\t\t\t<\/div>\n\t\t\t\t<\/div>\n\t\t\t\t<\/div>\n\t\t<div class=\"elementor-element elementor-element-3a9b348 e-con-full elementor-hidden-tablet elementor-hidden-mobile elementor-hidden-laptop e-flex e-con e-child\" data-id=\"3a9b348\" data-element_type=\"container\" data-settings=\"{&quot;position&quot;:&quot;absolute&quot;,&quot;sticky&quot;:&quot;top&quot;,&quot;sticky_on&quot;:[&quot;desktop&quot;,&quot;laptop&quot;,&quot;tablet&quot;,&quot;mobile&quot;],&quot;sticky_offset&quot;:0,&quot;sticky_effects_offset&quot;:0}\">\n\t\t<div class=\"elementor-element elementor-element-2c8b2b0d e-con-full e-flex e-con e-child\" data-id=\"2c8b2b0d\" data-element_type=\"container\">\n\t\t<div class=\"elementor-element elementor-element-65588045 e-con-full e-flex e-con e-child\" data-id=\"65588045\" data-element_type=\"container\">\n\t\t\t\t<div class=\"elementor-element elementor-element-26719019 hfe-search-layout-icon_text elementor-hidden-desktop elementor-hidden-tablet elementor-hidden-mobile elementor-widget elementor-widget-hfe-search-button\" data-id=\"26719019\" data-element_type=\"widget\" data-settings=\"{&quot;size&quot;:{&quot;unit&quot;:&quot;px&quot;,&quot;size&quot;:50,&quot;sizes&quot;:[]},&quot;size_laptop&quot;:{&quot;unit&quot;:&quot;px&quot;,&quot;size&quot;:&quot;&quot;,&quot;sizes&quot;:[]},&quot;size_tablet&quot;:{&quot;unit&quot;:&quot;px&quot;,&quot;size&quot;:&quot;&quot;,&quot;sizes&quot;:[]},&quot;size_mobile&quot;:{&quot;unit&quot;:&quot;px&quot;,&quot;size&quot;:&quot;&quot;,&quot;sizes&quot;:[]},&quot;icon_size&quot;:{&quot;unit&quot;:&quot;px&quot;,&quot;size&quot;:&quot;16&quot;,&quot;sizes&quot;:[]},&quot;icon_size_laptop&quot;:{&quot;unit&quot;:&quot;px&quot;,&quot;size&quot;:&quot;&quot;,&quot;sizes&quot;:[]},&quot;icon_size_tablet&quot;:{&quot;unit&quot;:&quot;px&quot;,&quot;size&quot;:&quot;&quot;,&quot;sizes&quot;:[]},&quot;icon_size_mobile&quot;:{&quot;unit&quot;:&quot;px&quot;,&quot;size&quot;:&quot;&quot;,&quot;sizes&quot;:[]},&quot;button_width&quot;:{&quot;unit&quot;:&quot;px&quot;,&quot;size&quot;:&quot;&quot;,&quot;sizes&quot;:[]},&quot;button_width_laptop&quot;:{&quot;unit&quot;:&quot;px&quot;,&quot;size&quot;:&quot;&quot;,&quot;sizes&quot;:[]},&quot;button_width_tablet&quot;:{&quot;unit&quot;:&quot;px&quot;,&quot;size&quot;:&quot;&quot;,&quot;sizes&quot;:[]},&quot;button_width_mobile&quot;:{&quot;unit&quot;:&quot;px&quot;,&quot;size&quot;:&quot;&quot;,&quot;sizes&quot;:[]},&quot;close_icon_size&quot;:{&quot;unit&quot;:&quot;px&quot;,&quot;size&quot;:&quot;20&quot;,&quot;sizes&quot;:[]},&quot;close_icon_size_laptop&quot;:{&quot;unit&quot;:&quot;px&quot;,&quot;size&quot;:&quot;&quot;,&quot;sizes&quot;:[]},&quot;close_icon_size_tablet&quot;:{&quot;unit&quot;:&quot;px&quot;,&quot;size&quot;:&quot;&quot;,&quot;sizes&quot;:[]},&quot;close_icon_size_mobile&quot;:{&quot;unit&quot;:&quot;px&quot;,&quot;size&quot;:&quot;&quot;,&quot;sizes&quot;:[]}}\" data-widget_type=\"hfe-search-button.default\">\n\t\t\t\t<div class=\"elementor-widget-container\">\n\t\t\t\t\t<form class=\"hfe-search-button-wrapper\" role=\"search\" action=\"https:\/\/voxiuris.com\/\" method=\"get\">\n\n\t\t\t\t\t\t<div class=\"hfe-search-form__container\" role=\"tablist\">\n\t\t\t\t\t\t\t\t\t<input placeholder=\"Type &amp; Hit Enter...\" class=\"hfe-search-form__input\" type=\"search\" name=\"s\" title=\"Buscar\" value=\"\">\n\t\t\t\t\t<button id=\"clear-with-button\" type=\"reset\">\n\t\t\t\t\t\t<i class=\"fas fa-times\" aria-hidden=\"true\"><\/i>\n\t\t\t\t\t<\/button>\n\t\t\t\t\t<button class=\"hfe-search-submit\" type=\"submit\">\n\t\t\t\t\t\t<i class=\"fas fa-search\" aria-hidden=\"true\"><\/i>\n\t\t\t\t\t<\/button>\n\t\t\t\t\t\t\t<\/div>\n\t\t\t\t<\/form>\n\t\t\t\t<\/div>\n\t\t\t\t<\/div>\n\t\t\t\t<\/div>\n\t\t\t\t<\/div>\n\t\t<div class=\"elementor-element elementor-element-3b608abc e-con-full e-flex e-con e-child\" data-id=\"3b608abc\" data-element_type=\"container\">\n\t\t<div class=\"elementor-element elementor-element-ae29e96 e-con-full elementor-hidden-desktop elementor-hidden-tablet elementor-hidden-mobile e-flex e-con e-child\" data-id=\"ae29e96\" data-element_type=\"container\" data-settings=\"{&quot;background_background&quot;:&quot;classic&quot;}\">\n\t\t\t\t<div class=\"elementor-element elementor-element-30018eb2 elementor-widget elementor-widget-heading\" data-id=\"30018eb2\" data-element_type=\"widget\" data-widget_type=\"heading.default\">\n\t\t\t\t<div class=\"elementor-widget-container\">\n\t\t\t<h4 class=\"elementor-heading-title elementor-size-default\">Category<\/h4>\t\t<\/div>\n\t\t\t\t<\/div>\n\t\t\t\t<div class=\"elementor-element elementor-element-38d84c09 elementor-align-left elementor-icon-list--layout-traditional elementor-list-item-link-full_width elementor-widget elementor-widget-icon-list\" data-id=\"38d84c09\" data-element_type=\"widget\" data-widget_type=\"icon-list.default\">\n\t\t\t\t<div class=\"elementor-widget-container\">\n\t\t\t\t\t<ul class=\"elementor-icon-list-items\">\n\t\t\t\t\t\t\t<li class=\"elementor-icon-list-item\">\n\t\t\t\t\t\t\t\t\t\t\t<a href=\"#\">\n\n\t\t\t\t\t\t\t\t\t\t\t<span class=\"elementor-icon-list-text\">Family Law<\/span>\n\t\t\t\t\t\t\t\t\t\t\t<\/a>\n\t\t\t\t\t\t\t\t\t<\/li>\n\t\t\t\t\t\t\t\t<li class=\"elementor-icon-list-item\">\n\t\t\t\t\t\t\t\t\t\t\t<a href=\"#\">\n\n\t\t\t\t\t\t\t\t\t\t\t<span class=\"elementor-icon-list-text\">Criminal Law<\/span>\n\t\t\t\t\t\t\t\t\t\t\t<\/a>\n\t\t\t\t\t\t\t\t\t<\/li>\n\t\t\t\t\t\t\t\t<li class=\"elementor-icon-list-item\">\n\t\t\t\t\t\t\t\t\t\t\t<a href=\"#\">\n\n\t\t\t\t\t\t\t\t\t\t\t<span class=\"elementor-icon-list-text\">Business Law<\/span>\n\t\t\t\t\t\t\t\t\t\t\t<\/a>\n\t\t\t\t\t\t\t\t\t<\/li>\n\t\t\t\t\t\t\t\t<li class=\"elementor-icon-list-item\">\n\t\t\t\t\t\t\t\t\t\t\t<a href=\"#\">\n\n\t\t\t\t\t\t\t\t\t\t\t<span class=\"elementor-icon-list-text\">Personal Injury<\/span>\n\t\t\t\t\t\t\t\t\t\t\t<\/a>\n\t\t\t\t\t\t\t\t\t<\/li>\n\t\t\t\t\t\t\t\t<li class=\"elementor-icon-list-item\">\n\t\t\t\t\t\t\t\t\t\t\t<a href=\"#\">\n\n\t\t\t\t\t\t\t\t\t\t\t<span class=\"elementor-icon-list-text\">Education Law<\/span>\n\t\t\t\t\t\t\t\t\t\t\t<\/a>\n\t\t\t\t\t\t\t\t\t<\/li>\n\t\t\t\t\t\t\t\t<li class=\"elementor-icon-list-item\">\n\t\t\t\t\t\t\t\t\t\t\t<a href=\"#\">\n\n\t\t\t\t\t\t\t\t\t\t\t<span class=\"elementor-icon-list-text\">Education Law<\/span>\n\t\t\t\t\t\t\t\t\t\t\t<\/a>\n\t\t\t\t\t\t\t\t\t<\/li>\n\t\t\t\t\t\t\t\t<li class=\"elementor-icon-list-item\">\n\t\t\t\t\t\t\t\t\t\t\t<a href=\"#\">\n\n\t\t\t\t\t\t\t\t\t\t\t<span class=\"elementor-icon-list-text\">Drugs Crime<\/span>\n\t\t\t\t\t\t\t\t\t\t\t<\/a>\n\t\t\t\t\t\t\t\t\t<\/li>\n\t\t\t\t\t\t<\/ul>\n\t\t\t\t<\/div>\n\t\t\t\t<\/div>\n\t\t\t\t<\/div>\n\t\t\t\t<\/div>\n\t\t<div class=\"elementor-element elementor-element-4ad23437 e-con-full e-flex e-con e-child\" data-id=\"4ad23437\" data-element_type=\"container\">\n\t\t<div class=\"elementor-element elementor-element-36ff41a2 e-con-full e-flex e-con e-child\" data-id=\"36ff41a2\" data-element_type=\"container\" data-settings=\"{&quot;background_background&quot;:&quot;classic&quot;}\">\n\t\t\t\t<div class=\"elementor-element elementor-element-50d3e3d6 elementor-widget elementor-widget-heading\" data-id=\"50d3e3d6\" data-element_type=\"widget\" data-widget_type=\"heading.default\">\n\t\t\t\t<div class=\"elementor-widget-container\">\n\t\t\t<h4 class=\"elementor-heading-title elementor-size-default\">Otros Art\u00edculos <\/h4>\t\t<\/div>\n\t\t\t\t<\/div>\n\t\t\t\t<div class=\"elementor-element elementor-element-779cde41 elementor-widget elementor-widget-elementskit-post-list\" data-id=\"779cde41\" data-element_type=\"widget\" data-widget_type=\"elementskit-post-list.default\">\n\t\t\t\t<div class=\"elementor-widget-container\">\n\t\t\t<div class=\"ekit-wid-con\" >\t\t<ul class=\"elementor-icon-list-items ekit-post-list-wrapper \">\n\t\t\t\t\t\t<li class=\"elementor-icon-list-item   \">\n\t\t\t\t<a href=\"https:\/\/voxiuris.com\/index.php\/2025\/11\/24\/boletin-universitario-el-rol-de-la-mujer-en-el-derecho\/\" >\n\t\t\t\t\t<img decoding=\"async\" width=\"800\" height=\"800\" src=\"https:\/\/voxiuris.com\/wp-content\/uploads\/2025\/11\/boletin-mujer-1024x1024.jpeg\" class=\"attachment-large size-large wp-post-image\" alt=\"\" srcset=\"https:\/\/voxiuris.com\/wp-content\/uploads\/2025\/11\/boletin-mujer-1024x1024.jpeg 1024w, https:\/\/voxiuris.com\/wp-content\/uploads\/2025\/11\/boletin-mujer-300x300.jpeg 300w, https:\/\/voxiuris.com\/wp-content\/uploads\/2025\/11\/boletin-mujer-150x150.jpeg 150w, https:\/\/voxiuris.com\/wp-content\/uploads\/2025\/11\/boletin-mujer-768x768.jpeg 768w, https:\/\/voxiuris.com\/wp-content\/uploads\/2025\/11\/boletin-mujer.jpeg 1080w\" sizes=\"(max-width: 800px) 100vw, 800px\" \/>\t\t\t\t\t<div class=\"ekit_post_list_content_wraper\">\n\t\t\t\t\t\t\n\t\t\t\t\t\t<span class=\"elementor-icon-list-text\">Bolet\u00edn Universitario \u2013 El Rol de la Mujer en el Derecho<\/span>\n\n\t\t\t\t\t\t\t\t\t\t\t<\/div>\n\t\t\t\t<\/a>\n\t\t\t<\/li>\n\t\t\t\t\t<li class=\"elementor-icon-list-item   \">\n\t\t\t\t<a href=\"https:\/\/voxiuris.com\/index.php\/2025\/11\/19\/rrhh-en-los-bufetes-de-guatemala-un-panorama-en-evolucion-parte-1-de-2\/\" >\n\t\t\t\t\t<img loading=\"lazy\" decoding=\"async\" width=\"800\" height=\"800\" src=\"https:\/\/voxiuris.com\/wp-content\/uploads\/2025\/11\/BOLETIN-1024x1024.jpeg\" class=\"attachment-large size-large wp-post-image\" alt=\"\" srcset=\"https:\/\/voxiuris.com\/wp-content\/uploads\/2025\/11\/BOLETIN-1024x1024.jpeg 1024w, https:\/\/voxiuris.com\/wp-content\/uploads\/2025\/11\/BOLETIN-300x300.jpeg 300w, https:\/\/voxiuris.com\/wp-content\/uploads\/2025\/11\/BOLETIN-150x150.jpeg 150w, https:\/\/voxiuris.com\/wp-content\/uploads\/2025\/11\/BOLETIN-768x768.jpeg 768w, https:\/\/voxiuris.com\/wp-content\/uploads\/2025\/11\/BOLETIN.jpeg 1080w\" sizes=\"(max-width: 800px) 100vw, 800px\" \/>\t\t\t\t\t<div class=\"ekit_post_list_content_wraper\">\n\t\t\t\t\t\t\n\t\t\t\t\t\t<span class=\"elementor-icon-list-text\">RRHH en los bufetes de Guatemala: un panorama en evoluci\u00f3n (Parte 1 de 2)<\/span>\n\n\t\t\t\t\t\t\t\t\t\t\t<\/div>\n\t\t\t\t<\/a>\n\t\t\t<\/li>\n\t\t\t\t\t<li class=\"elementor-icon-list-item   \">\n\t\t\t\t<a href=\"https:\/\/voxiuris.com\/index.php\/2025\/11\/15\/martin-castellanos-la-trayectoria-de-quien-vive-sus-valores\/\" >\n\t\t\t\t\t<img loading=\"lazy\" decoding=\"async\" width=\"800\" height=\"534\" src=\"https:\/\/voxiuris.com\/wp-content\/uploads\/2025\/11\/foto-20-1024x683.jpeg\" class=\"attachment-large size-large wp-post-image\" alt=\"\" srcset=\"https:\/\/voxiuris.com\/wp-content\/uploads\/2025\/11\/foto-20-1024x683.jpeg 1024w, https:\/\/voxiuris.com\/wp-content\/uploads\/2025\/11\/foto-20-300x200.jpeg 300w, https:\/\/voxiuris.com\/wp-content\/uploads\/2025\/11\/foto-20-768x512.jpeg 768w, https:\/\/voxiuris.com\/wp-content\/uploads\/2025\/11\/foto-20-1536x1024.jpeg 1536w, https:\/\/voxiuris.com\/wp-content\/uploads\/2025\/11\/foto-20-2048x1365.jpeg 2048w\" sizes=\"(max-width: 800px) 100vw, 800px\" \/>\t\t\t\t\t<div class=\"ekit_post_list_content_wraper\">\n\t\t\t\t\t\t\n\t\t\t\t\t\t<span class=\"elementor-icon-list-text\">Mart\u00edn Castellanos: La trayectoria de quien vive sus valores<\/span>\n\n\t\t\t\t\t\t\t\t\t\t\t<\/div>\n\t\t\t\t<\/a>\n\t\t\t<\/li>\n\t\t\t\t\t<li class=\"elementor-icon-list-item   \">\n\t\t\t\t<a href=\"https:\/\/voxiuris.com\/index.php\/2025\/10\/20\/licda-elisa-lacs-excelencia-liderazgo-y-futuro-del-derecho\/\" >\n\t\t\t\t\t<img loading=\"lazy\" decoding=\"async\" width=\"800\" height=\"790\" src=\"https:\/\/voxiuris.com\/wp-content\/uploads\/2025\/10\/elisa-lacs-1024x1011.jpg\" class=\"attachment-large size-large wp-post-image\" alt=\"\" srcset=\"https:\/\/voxiuris.com\/wp-content\/uploads\/2025\/10\/elisa-lacs-1024x1011.jpg 1024w, https:\/\/voxiuris.com\/wp-content\/uploads\/2025\/10\/elisa-lacs-300x296.jpg 300w, https:\/\/voxiuris.com\/wp-content\/uploads\/2025\/10\/elisa-lacs-768x758.jpg 768w, https:\/\/voxiuris.com\/wp-content\/uploads\/2025\/10\/elisa-lacs-1536x1517.jpg 1536w, https:\/\/voxiuris.com\/wp-content\/uploads\/2025\/10\/elisa-lacs-2048x2022.jpg 2048w\" sizes=\"(max-width: 800px) 100vw, 800px\" \/>\t\t\t\t\t<div class=\"ekit_post_list_content_wraper\">\n\t\t\t\t\t\t\n\t\t\t\t\t\t<span class=\"elementor-icon-list-text\">Licda. Elisa Lacs: Excelencia, Liderazgo y Futuro del Derecho<\/span>\n\n\t\t\t\t\t\t\t\t\t\t\t<\/div>\n\t\t\t\t<\/a>\n\t\t\t<\/li>\n\t\t\t\t\t<li class=\"elementor-icon-list-item   \">\n\t\t\t\t<a href=\"https:\/\/voxiuris.com\/index.php\/2025\/09\/23\/articulo-por-el-dia-del-abogado\/\" >\n\t\t\t\t\t<img loading=\"lazy\" decoding=\"async\" width=\"800\" height=\"534\" src=\"https:\/\/voxiuris.com\/wp-content\/uploads\/2025\/09\/ChatGPT-Image-23-sept-2025-21_01_20-1024x683.png\" class=\"attachment-large size-large wp-post-image\" alt=\"\" srcset=\"https:\/\/voxiuris.com\/wp-content\/uploads\/2025\/09\/ChatGPT-Image-23-sept-2025-21_01_20-1024x683.png 1024w, https:\/\/voxiuris.com\/wp-content\/uploads\/2025\/09\/ChatGPT-Image-23-sept-2025-21_01_20-300x200.png 300w, https:\/\/voxiuris.com\/wp-content\/uploads\/2025\/09\/ChatGPT-Image-23-sept-2025-21_01_20-768x512.png 768w, https:\/\/voxiuris.com\/wp-content\/uploads\/2025\/09\/ChatGPT-Image-23-sept-2025-21_01_20.png 1536w\" sizes=\"(max-width: 800px) 100vw, 800px\" \/>\t\t\t\t\t<div class=\"ekit_post_list_content_wraper\">\n\t\t\t\t\t\t\n\t\t\t\t\t\t<span class=\"elementor-icon-list-text\">Articulo por el d\u00eda del abogado<\/span>\n\n\t\t\t\t\t\t\t\t\t\t\t<\/div>\n\t\t\t\t<\/a>\n\t\t\t<\/li>\n\t\t\t\t<\/ul>\n\t\t<\/div>\t\t<\/div>\n\t\t\t\t<\/div>\n\t\t\t\t<\/div>\n\t\t\t\t<\/div>\n\t\t<div class=\"elementor-element elementor-element-b2c6124 e-con-full e-flex e-con e-child\" data-id=\"b2c6124\" data-element_type=\"container\">\n\t\t\t\t<\/div>\n\t\t\t\t<\/div>\n\t\t<div class=\"elementor-element elementor-element-8b68df2 e-con-full elementor-hidden-desktop elementor-hidden-tablet elementor-hidden-laptop e-flex e-con e-child\" data-id=\"8b68df2\" data-element_type=\"container\">\n\t\t<div class=\"elementor-element elementor-element-0a08de8 e-con-full e-flex e-con e-child\" data-id=\"0a08de8\" data-element_type=\"container\">\n\t\t<div class=\"elementor-element elementor-element-506295a e-con-full e-flex e-con e-child\" data-id=\"506295a\" data-element_type=\"container\">\n\t\t\t\t<div class=\"elementor-element elementor-element-d8ddf90 hfe-search-layout-icon_text elementor-hidden-desktop elementor-hidden-tablet elementor-hidden-mobile elementor-widget elementor-widget-hfe-search-button\" data-id=\"d8ddf90\" data-element_type=\"widget\" data-settings=\"{&quot;size&quot;:{&quot;unit&quot;:&quot;px&quot;,&quot;size&quot;:50,&quot;sizes&quot;:[]},&quot;size_laptop&quot;:{&quot;unit&quot;:&quot;px&quot;,&quot;size&quot;:&quot;&quot;,&quot;sizes&quot;:[]},&quot;size_tablet&quot;:{&quot;unit&quot;:&quot;px&quot;,&quot;size&quot;:&quot;&quot;,&quot;sizes&quot;:[]},&quot;size_mobile&quot;:{&quot;unit&quot;:&quot;px&quot;,&quot;size&quot;:&quot;&quot;,&quot;sizes&quot;:[]},&quot;icon_size&quot;:{&quot;unit&quot;:&quot;px&quot;,&quot;size&quot;:&quot;16&quot;,&quot;sizes&quot;:[]},&quot;icon_size_laptop&quot;:{&quot;unit&quot;:&quot;px&quot;,&quot;size&quot;:&quot;&quot;,&quot;sizes&quot;:[]},&quot;icon_size_tablet&quot;:{&quot;unit&quot;:&quot;px&quot;,&quot;size&quot;:&quot;&quot;,&quot;sizes&quot;:[]},&quot;icon_size_mobile&quot;:{&quot;unit&quot;:&quot;px&quot;,&quot;size&quot;:&quot;&quot;,&quot;sizes&quot;:[]},&quot;button_width&quot;:{&quot;unit&quot;:&quot;px&quot;,&quot;size&quot;:&quot;&quot;,&quot;sizes&quot;:[]},&quot;button_width_laptop&quot;:{&quot;unit&quot;:&quot;px&quot;,&quot;size&quot;:&quot;&quot;,&quot;sizes&quot;:[]},&quot;button_width_tablet&quot;:{&quot;unit&quot;:&quot;px&quot;,&quot;size&quot;:&quot;&quot;,&quot;sizes&quot;:[]},&quot;button_width_mobile&quot;:{&quot;unit&quot;:&quot;px&quot;,&quot;size&quot;:&quot;&quot;,&quot;sizes&quot;:[]},&quot;close_icon_size&quot;:{&quot;unit&quot;:&quot;px&quot;,&quot;size&quot;:&quot;20&quot;,&quot;sizes&quot;:[]},&quot;close_icon_size_laptop&quot;:{&quot;unit&quot;:&quot;px&quot;,&quot;size&quot;:&quot;&quot;,&quot;sizes&quot;:[]},&quot;close_icon_size_tablet&quot;:{&quot;unit&quot;:&quot;px&quot;,&quot;size&quot;:&quot;&quot;,&quot;sizes&quot;:[]},&quot;close_icon_size_mobile&quot;:{&quot;unit&quot;:&quot;px&quot;,&quot;size&quot;:&quot;&quot;,&quot;sizes&quot;:[]}}\" data-widget_type=\"hfe-search-button.default\">\n\t\t\t\t<div class=\"elementor-widget-container\">\n\t\t\t\t\t<form class=\"hfe-search-button-wrapper\" role=\"search\" action=\"https:\/\/voxiuris.com\/\" method=\"get\">\n\n\t\t\t\t\t\t<div class=\"hfe-search-form__container\" role=\"tablist\">\n\t\t\t\t\t\t\t\t\t<input placeholder=\"Type &amp; Hit Enter...\" class=\"hfe-search-form__input\" type=\"search\" name=\"s\" title=\"Buscar\" value=\"\">\n\t\t\t\t\t<button id=\"clear-with-button\" type=\"reset\">\n\t\t\t\t\t\t<i class=\"fas fa-times\" aria-hidden=\"true\"><\/i>\n\t\t\t\t\t<\/button>\n\t\t\t\t\t<button class=\"hfe-search-submit\" type=\"submit\">\n\t\t\t\t\t\t<i class=\"fas fa-search\" aria-hidden=\"true\"><\/i>\n\t\t\t\t\t<\/button>\n\t\t\t\t\t\t\t<\/div>\n\t\t\t\t<\/form>\n\t\t\t\t<\/div>\n\t\t\t\t<\/div>\n\t\t\t\t<\/div>\n\t\t\t\t<\/div>\n\t\t<div class=\"elementor-element elementor-element-7a15efe e-con-full e-flex e-con e-child\" data-id=\"7a15efe\" data-element_type=\"container\">\n\t\t<div class=\"elementor-element elementor-element-d42444e e-con-full elementor-hidden-desktop elementor-hidden-tablet elementor-hidden-mobile e-flex e-con e-child\" data-id=\"d42444e\" data-element_type=\"container\" data-settings=\"{&quot;background_background&quot;:&quot;classic&quot;}\">\n\t\t\t\t<div class=\"elementor-element elementor-element-736c79b elementor-widget elementor-widget-heading\" data-id=\"736c79b\" data-element_type=\"widget\" data-widget_type=\"heading.default\">\n\t\t\t\t<div class=\"elementor-widget-container\">\n\t\t\t<h4 class=\"elementor-heading-title elementor-size-default\">Category<\/h4>\t\t<\/div>\n\t\t\t\t<\/div>\n\t\t\t\t<div class=\"elementor-element elementor-element-ce8a1cd elementor-align-left elementor-icon-list--layout-traditional elementor-list-item-link-full_width elementor-widget elementor-widget-icon-list\" data-id=\"ce8a1cd\" data-element_type=\"widget\" data-widget_type=\"icon-list.default\">\n\t\t\t\t<div class=\"elementor-widget-container\">\n\t\t\t\t\t<ul class=\"elementor-icon-list-items\">\n\t\t\t\t\t\t\t<li class=\"elementor-icon-list-item\">\n\t\t\t\t\t\t\t\t\t\t\t<a href=\"#\">\n\n\t\t\t\t\t\t\t\t\t\t\t<span class=\"elementor-icon-list-text\">Family Law<\/span>\n\t\t\t\t\t\t\t\t\t\t\t<\/a>\n\t\t\t\t\t\t\t\t\t<\/li>\n\t\t\t\t\t\t\t\t<li class=\"elementor-icon-list-item\">\n\t\t\t\t\t\t\t\t\t\t\t<a href=\"#\">\n\n\t\t\t\t\t\t\t\t\t\t\t<span class=\"elementor-icon-list-text\">Criminal Law<\/span>\n\t\t\t\t\t\t\t\t\t\t\t<\/a>\n\t\t\t\t\t\t\t\t\t<\/li>\n\t\t\t\t\t\t\t\t<li class=\"elementor-icon-list-item\">\n\t\t\t\t\t\t\t\t\t\t\t<a href=\"#\">\n\n\t\t\t\t\t\t\t\t\t\t\t<span class=\"elementor-icon-list-text\">Business Law<\/span>\n\t\t\t\t\t\t\t\t\t\t\t<\/a>\n\t\t\t\t\t\t\t\t\t<\/li>\n\t\t\t\t\t\t\t\t<li class=\"elementor-icon-list-item\">\n\t\t\t\t\t\t\t\t\t\t\t<a href=\"#\">\n\n\t\t\t\t\t\t\t\t\t\t\t<span class=\"elementor-icon-list-text\">Personal Injury<\/span>\n\t\t\t\t\t\t\t\t\t\t\t<\/a>\n\t\t\t\t\t\t\t\t\t<\/li>\n\t\t\t\t\t\t\t\t<li class=\"elementor-icon-list-item\">\n\t\t\t\t\t\t\t\t\t\t\t<a href=\"#\">\n\n\t\t\t\t\t\t\t\t\t\t\t<span class=\"elementor-icon-list-text\">Education Law<\/span>\n\t\t\t\t\t\t\t\t\t\t\t<\/a>\n\t\t\t\t\t\t\t\t\t<\/li>\n\t\t\t\t\t\t\t\t<li class=\"elementor-icon-list-item\">\n\t\t\t\t\t\t\t\t\t\t\t<a href=\"#\">\n\n\t\t\t\t\t\t\t\t\t\t\t<span class=\"elementor-icon-list-text\">Education Law<\/span>\n\t\t\t\t\t\t\t\t\t\t\t<\/a>\n\t\t\t\t\t\t\t\t\t<\/li>\n\t\t\t\t\t\t\t\t<li class=\"elementor-icon-list-item\">\n\t\t\t\t\t\t\t\t\t\t\t<a href=\"#\">\n\n\t\t\t\t\t\t\t\t\t\t\t<span class=\"elementor-icon-list-text\">Drugs Crime<\/span>\n\t\t\t\t\t\t\t\t\t\t\t<\/a>\n\t\t\t\t\t\t\t\t\t<\/li>\n\t\t\t\t\t\t<\/ul>\n\t\t\t\t<\/div>\n\t\t\t\t<\/div>\n\t\t\t\t<\/div>\n\t\t\t\t<\/div>\n\t\t<div class=\"elementor-element elementor-element-45eca5f e-con-full e-flex e-con e-child\" data-id=\"45eca5f\" data-element_type=\"container\">\n\t\t<div class=\"elementor-element elementor-element-94f4e43 e-con-full e-flex e-con e-child\" data-id=\"94f4e43\" data-element_type=\"container\" data-settings=\"{&quot;background_background&quot;:&quot;classic&quot;}\">\n\t\t\t\t<div class=\"elementor-element elementor-element-91646a8 elementor-widget elementor-widget-heading\" data-id=\"91646a8\" data-element_type=\"widget\" data-widget_type=\"heading.default\">\n\t\t\t\t<div class=\"elementor-widget-container\">\n\t\t\t<h4 class=\"elementor-heading-title elementor-size-default\">Otros Art\u00edculos <\/h4>\t\t<\/div>\n\t\t\t\t<\/div>\n\t\t\t\t<div class=\"elementor-element elementor-element-50260ea elementor-widget elementor-widget-elementskit-post-list\" data-id=\"50260ea\" data-element_type=\"widget\" data-widget_type=\"elementskit-post-list.default\">\n\t\t\t\t<div class=\"elementor-widget-container\">\n\t\t\t<div class=\"ekit-wid-con\" >\t\t<ul class=\"elementor-icon-list-items ekit-post-list-wrapper \">\n\t\t\t\t\t\t<li class=\"elementor-icon-list-item   \">\n\t\t\t\t<a href=\"https:\/\/voxiuris.com\/index.php\/2025\/11\/24\/boletin-universitario-el-rol-de-la-mujer-en-el-derecho\/\" >\n\t\t\t\t\t<img decoding=\"async\" width=\"800\" height=\"800\" src=\"https:\/\/voxiuris.com\/wp-content\/uploads\/2025\/11\/boletin-mujer-1024x1024.jpeg\" class=\"attachment-large size-large wp-post-image\" alt=\"\" srcset=\"https:\/\/voxiuris.com\/wp-content\/uploads\/2025\/11\/boletin-mujer-1024x1024.jpeg 1024w, https:\/\/voxiuris.com\/wp-content\/uploads\/2025\/11\/boletin-mujer-300x300.jpeg 300w, https:\/\/voxiuris.com\/wp-content\/uploads\/2025\/11\/boletin-mujer-150x150.jpeg 150w, https:\/\/voxiuris.com\/wp-content\/uploads\/2025\/11\/boletin-mujer-768x768.jpeg 768w, https:\/\/voxiuris.com\/wp-content\/uploads\/2025\/11\/boletin-mujer.jpeg 1080w\" sizes=\"(max-width: 800px) 100vw, 800px\" \/>\t\t\t\t\t<div class=\"ekit_post_list_content_wraper\">\n\t\t\t\t\t\t\n\t\t\t\t\t\t<span class=\"elementor-icon-list-text\">Bolet\u00edn Universitario \u2013 El Rol de la Mujer en el Derecho<\/span>\n\n\t\t\t\t\t\t\t\t\t\t\t<\/div>\n\t\t\t\t<\/a>\n\t\t\t<\/li>\n\t\t\t\t\t<li class=\"elementor-icon-list-item   \">\n\t\t\t\t<a href=\"https:\/\/voxiuris.com\/index.php\/2025\/11\/19\/rrhh-en-los-bufetes-de-guatemala-un-panorama-en-evolucion-parte-1-de-2\/\" >\n\t\t\t\t\t<img loading=\"lazy\" decoding=\"async\" width=\"800\" height=\"800\" src=\"https:\/\/voxiuris.com\/wp-content\/uploads\/2025\/11\/BOLETIN-1024x1024.jpeg\" class=\"attachment-large size-large wp-post-image\" alt=\"\" srcset=\"https:\/\/voxiuris.com\/wp-content\/uploads\/2025\/11\/BOLETIN-1024x1024.jpeg 1024w, https:\/\/voxiuris.com\/wp-content\/uploads\/2025\/11\/BOLETIN-300x300.jpeg 300w, https:\/\/voxiuris.com\/wp-content\/uploads\/2025\/11\/BOLETIN-150x150.jpeg 150w, https:\/\/voxiuris.com\/wp-content\/uploads\/2025\/11\/BOLETIN-768x768.jpeg 768w, https:\/\/voxiuris.com\/wp-content\/uploads\/2025\/11\/BOLETIN.jpeg 1080w\" sizes=\"(max-width: 800px) 100vw, 800px\" \/>\t\t\t\t\t<div class=\"ekit_post_list_content_wraper\">\n\t\t\t\t\t\t\n\t\t\t\t\t\t<span class=\"elementor-icon-list-text\">RRHH en los bufetes de Guatemala: un panorama en evoluci\u00f3n (Parte 1 de 2)<\/span>\n\n\t\t\t\t\t\t\t\t\t\t\t<\/div>\n\t\t\t\t<\/a>\n\t\t\t<\/li>\n\t\t\t\t\t<li class=\"elementor-icon-list-item   \">\n\t\t\t\t<a href=\"https:\/\/voxiuris.com\/index.php\/2025\/11\/15\/martin-castellanos-la-trayectoria-de-quien-vive-sus-valores\/\" >\n\t\t\t\t\t<img loading=\"lazy\" decoding=\"async\" width=\"800\" height=\"534\" src=\"https:\/\/voxiuris.com\/wp-content\/uploads\/2025\/11\/foto-20-1024x683.jpeg\" class=\"attachment-large size-large wp-post-image\" alt=\"\" srcset=\"https:\/\/voxiuris.com\/wp-content\/uploads\/2025\/11\/foto-20-1024x683.jpeg 1024w, https:\/\/voxiuris.com\/wp-content\/uploads\/2025\/11\/foto-20-300x200.jpeg 300w, https:\/\/voxiuris.com\/wp-content\/uploads\/2025\/11\/foto-20-768x512.jpeg 768w, https:\/\/voxiuris.com\/wp-content\/uploads\/2025\/11\/foto-20-1536x1024.jpeg 1536w, https:\/\/voxiuris.com\/wp-content\/uploads\/2025\/11\/foto-20-2048x1365.jpeg 2048w\" sizes=\"(max-width: 800px) 100vw, 800px\" \/>\t\t\t\t\t<div class=\"ekit_post_list_content_wraper\">\n\t\t\t\t\t\t\n\t\t\t\t\t\t<span class=\"elementor-icon-list-text\">Mart\u00edn Castellanos: La trayectoria de quien vive sus valores<\/span>\n\n\t\t\t\t\t\t\t\t\t\t\t<\/div>\n\t\t\t\t<\/a>\n\t\t\t<\/li>\n\t\t\t\t\t<li class=\"elementor-icon-list-item   \">\n\t\t\t\t<a href=\"https:\/\/voxiuris.com\/index.php\/2025\/10\/20\/licda-elisa-lacs-excelencia-liderazgo-y-futuro-del-derecho\/\" >\n\t\t\t\t\t<img loading=\"lazy\" decoding=\"async\" width=\"800\" height=\"790\" src=\"https:\/\/voxiuris.com\/wp-content\/uploads\/2025\/10\/elisa-lacs-1024x1011.jpg\" class=\"attachment-large size-large wp-post-image\" alt=\"\" srcset=\"https:\/\/voxiuris.com\/wp-content\/uploads\/2025\/10\/elisa-lacs-1024x1011.jpg 1024w, https:\/\/voxiuris.com\/wp-content\/uploads\/2025\/10\/elisa-lacs-300x296.jpg 300w, https:\/\/voxiuris.com\/wp-content\/uploads\/2025\/10\/elisa-lacs-768x758.jpg 768w, https:\/\/voxiuris.com\/wp-content\/uploads\/2025\/10\/elisa-lacs-1536x1517.jpg 1536w, https:\/\/voxiuris.com\/wp-content\/uploads\/2025\/10\/elisa-lacs-2048x2022.jpg 2048w\" sizes=\"(max-width: 800px) 100vw, 800px\" \/>\t\t\t\t\t<div class=\"ekit_post_list_content_wraper\">\n\t\t\t\t\t\t\n\t\t\t\t\t\t<span class=\"elementor-icon-list-text\">Licda. Elisa Lacs: Excelencia, Liderazgo y Futuro del Derecho<\/span>\n\n\t\t\t\t\t\t\t\t\t\t\t<\/div>\n\t\t\t\t<\/a>\n\t\t\t<\/li>\n\t\t\t\t\t<li class=\"elementor-icon-list-item   \">\n\t\t\t\t<a href=\"https:\/\/voxiuris.com\/index.php\/2025\/09\/23\/articulo-por-el-dia-del-abogado\/\" >\n\t\t\t\t\t<img loading=\"lazy\" decoding=\"async\" width=\"800\" height=\"534\" src=\"https:\/\/voxiuris.com\/wp-content\/uploads\/2025\/09\/ChatGPT-Image-23-sept-2025-21_01_20-1024x683.png\" class=\"attachment-large size-large wp-post-image\" alt=\"\" srcset=\"https:\/\/voxiuris.com\/wp-content\/uploads\/2025\/09\/ChatGPT-Image-23-sept-2025-21_01_20-1024x683.png 1024w, https:\/\/voxiuris.com\/wp-content\/uploads\/2025\/09\/ChatGPT-Image-23-sept-2025-21_01_20-300x200.png 300w, https:\/\/voxiuris.com\/wp-content\/uploads\/2025\/09\/ChatGPT-Image-23-sept-2025-21_01_20-768x512.png 768w, https:\/\/voxiuris.com\/wp-content\/uploads\/2025\/09\/ChatGPT-Image-23-sept-2025-21_01_20.png 1536w\" sizes=\"(max-width: 800px) 100vw, 800px\" \/>\t\t\t\t\t<div class=\"ekit_post_list_content_wraper\">\n\t\t\t\t\t\t\n\t\t\t\t\t\t<span class=\"elementor-icon-list-text\">Articulo por el d\u00eda del abogado<\/span>\n\n\t\t\t\t\t\t\t\t\t\t\t<\/div>\n\t\t\t\t<\/a>\n\t\t\t<\/li>\n\t\t\t\t<\/ul>\n\t\t<\/div>\t\t<\/div>\n\t\t\t\t<\/div>\n\t\t\t\t<\/div>\n\t\t\t\t<\/div>\n\t\t<div class=\"elementor-element elementor-element-385563f e-con-full e-flex e-con e-child\" data-id=\"385563f\" data-element_type=\"container\">\n\t\t\t\t<\/div>\n\t\t\t\t<\/div>\n\t\t\t\t\t<\/div>\n\t\t\t\t<\/div>\n\t\t\t\t<\/div>\n\t\t","protected":false},"excerpt":{"rendered":"<p>Admisibilidad del caso m\u00e1ximo milagro de Jes\u00fas Gom\u00e9z Serrano &#8211; Guatemala en la corte interamericana de los Derechos Humanos Por Paulina Zepeda Zepeda VOX IURIS 21\/5\/2024 La Constituci\u00f3n Pol\u00edtica de la Rep\u00fablica de Guatemala, siendo el cuerpo normativo de mayor jerarqu\u00eda, en su art\u00edculo 46 reconoce la preeminencia del Derecho Internacional, en materia de derechos [&hellip;]<\/p>\n","protected":false},"author":1,"featured_media":136,"comment_status":"open","ping_status":"open","sticky":false,"template":"elementor_header_footer","format":"standard","meta":{"footnotes":""},"categories":[9],"tags":[],"class_list":["post-133","post","type-post","status-publish","format-standard","has-post-thumbnail","hentry","category-articulo"],"yoast_head":"<!-- This site is optimized with the Yoast SEO plugin v26.3 - https:\/\/yoast.com\/wordpress\/plugins\/seo\/ -->\n<title>Admisibilidad del caso m\u00e1ximo milagro de Jes\u00fas Gom\u00e9z Serrano - Guatemala en la corte interamericana de los Derechos Humanos - Vox Iuris<\/title>\n<meta name=\"description\" content=\"El caso de Maximino Milagro de Jes\u00fas G\u00f3mez Serrano, fue admitido por la Corte Interamericana de Derechos Humanos (Corte IDH, en adelante) para su juzgamiento, el veintinueve de diciembre del a\u00f1o dos mil veintitr\u00e9s. La petici\u00f3n hace referencia a la privaci\u00f3n de libertad durante ocho a\u00f1os de Maximino Milagro de Jes\u00fas G\u00f3mez Serrano, dentro de un proceso penal. La solicitud ante la Comisi\u00f3n Interamericana de Derechos Humanos, fue basada en que el Estado de Guatemala es un Estado parte dentro de la Convenci\u00f3n Americana sobre Derechos Humanos.\" \/>\n<meta name=\"robots\" content=\"index, follow, max-snippet:-1, max-image-preview:large, max-video-preview:-1\" \/>\n<link rel=\"canonical\" href=\"https:\/\/voxiuris.com\/index.php\/2024\/10\/08\/jesus-gomez-serrano-guatemala\/\" \/>\n<meta property=\"og:locale\" content=\"es_ES\" \/>\n<meta property=\"og:type\" content=\"article\" \/>\n<meta property=\"og:title\" content=\"Admisibilidad del caso m\u00e1ximo milagro de Jes\u00fas Gom\u00e9z Serrano - Guatemala en la corte interamericana de los Derechos Humanos - Vox Iuris\" \/>\n<meta property=\"og:description\" content=\"El caso de Maximino Milagro de Jes\u00fas G\u00f3mez Serrano, fue admitido por la Corte Interamericana de Derechos Humanos (Corte IDH, en adelante) para su juzgamiento, el veintinueve de diciembre del a\u00f1o dos mil veintitr\u00e9s. La petici\u00f3n hace referencia a la privaci\u00f3n de libertad durante ocho a\u00f1os de Maximino Milagro de Jes\u00fas G\u00f3mez Serrano, dentro de un proceso penal. La solicitud ante la Comisi\u00f3n Interamericana de Derechos Humanos, fue basada en que el Estado de Guatemala es un Estado parte dentro de la Convenci\u00f3n Americana sobre Derechos Humanos.\" \/>\n<meta property=\"og:url\" content=\"https:\/\/voxiuris.com\/index.php\/2024\/10\/08\/jesus-gomez-serrano-guatemala\/\" \/>\n<meta property=\"og:site_name\" content=\"Vox Iuris\" \/>\n<meta property=\"article:published_time\" content=\"2024-10-08T20:23:15+00:00\" \/>\n<meta property=\"article:modified_time\" content=\"2024-10-12T20:42:36+00:00\" \/>\n<meta property=\"og:image\" content=\"https:\/\/voxiuris.com\/wp-content\/uploads\/2024\/10\/derechos-humanos.webp\" \/>\n\t<meta property=\"og:image:width\" content=\"740\" \/>\n\t<meta property=\"og:image:height\" content=\"490\" \/>\n\t<meta property=\"og:image:type\" content=\"image\/webp\" \/>\n<meta name=\"author\" content=\"admin\" \/>\n<meta name=\"twitter:card\" content=\"summary_large_image\" \/>\n<meta name=\"twitter:label1\" content=\"Escrito por\" \/>\n\t<meta name=\"twitter:data1\" content=\"admin\" \/>\n\t<meta name=\"twitter:label2\" content=\"Tiempo de lectura\" \/>\n\t<meta name=\"twitter:data2\" content=\"10 minutos\" \/>\n<script type=\"application\/ld+json\" class=\"yoast-schema-graph\">{\"@context\":\"https:\/\/schema.org\",\"@graph\":[{\"@type\":\"WebPage\",\"@id\":\"https:\/\/voxiuris.com\/index.php\/2024\/10\/08\/jesus-gomez-serrano-guatemala\/\",\"url\":\"https:\/\/voxiuris.com\/index.php\/2024\/10\/08\/jesus-gomez-serrano-guatemala\/\",\"name\":\"Admisibilidad del caso m\u00e1ximo milagro de Jes\u00fas Gom\u00e9z Serrano - Guatemala en la corte interamericana de los Derechos Humanos - Vox Iuris\",\"isPartOf\":{\"@id\":\"https:\/\/voxiuris.com\/#website\"},\"primaryImageOfPage\":{\"@id\":\"https:\/\/voxiuris.com\/index.php\/2024\/10\/08\/jesus-gomez-serrano-guatemala\/#primaryimage\"},\"image\":{\"@id\":\"https:\/\/voxiuris.com\/index.php\/2024\/10\/08\/jesus-gomez-serrano-guatemala\/#primaryimage\"},\"thumbnailUrl\":\"https:\/\/voxiuris.com\/wp-content\/uploads\/2024\/10\/derechos-humanos.webp\",\"datePublished\":\"2024-10-08T20:23:15+00:00\",\"dateModified\":\"2024-10-12T20:42:36+00:00\",\"author\":{\"@id\":\"https:\/\/voxiuris.com\/#\/schema\/person\/f580dfa106f705ae85c9a0a9dddb7c0d\"},\"description\":\"El caso de Maximino Milagro de Jes\u00fas G\u00f3mez Serrano, fue admitido por la Corte Interamericana de Derechos Humanos (Corte IDH, en adelante) para su juzgamiento, el veintinueve de diciembre del a\u00f1o dos mil veintitr\u00e9s. La petici\u00f3n hace referencia a la privaci\u00f3n de libertad durante ocho a\u00f1os de Maximino Milagro de Jes\u00fas G\u00f3mez Serrano, dentro de un proceso penal. La solicitud ante la Comisi\u00f3n Interamericana de Derechos Humanos, fue basada en que el Estado de Guatemala es un Estado parte dentro de la Convenci\u00f3n Americana sobre Derechos Humanos.\",\"breadcrumb\":{\"@id\":\"https:\/\/voxiuris.com\/index.php\/2024\/10\/08\/jesus-gomez-serrano-guatemala\/#breadcrumb\"},\"inLanguage\":\"es\",\"potentialAction\":[{\"@type\":\"ReadAction\",\"target\":[\"https:\/\/voxiuris.com\/index.php\/2024\/10\/08\/jesus-gomez-serrano-guatemala\/\"]}]},{\"@type\":\"ImageObject\",\"inLanguage\":\"es\",\"@id\":\"https:\/\/voxiuris.com\/index.php\/2024\/10\/08\/jesus-gomez-serrano-guatemala\/#primaryimage\",\"url\":\"https:\/\/voxiuris.com\/wp-content\/uploads\/2024\/10\/derechos-humanos.webp\",\"contentUrl\":\"https:\/\/voxiuris.com\/wp-content\/uploads\/2024\/10\/derechos-humanos.webp\",\"width\":740,\"height\":490},{\"@type\":\"BreadcrumbList\",\"@id\":\"https:\/\/voxiuris.com\/index.php\/2024\/10\/08\/jesus-gomez-serrano-guatemala\/#breadcrumb\",\"itemListElement\":[{\"@type\":\"ListItem\",\"position\":1,\"name\":\"Portada\",\"item\":\"https:\/\/voxiuris.com\/\"},{\"@type\":\"ListItem\",\"position\":2,\"name\":\"Admisibilidad del caso m\u00e1ximo milagro de Jes\u00fas Gom\u00e9z Serrano &#8211; Guatemala en la corte interamericana de los Derechos Humanos\"}]},{\"@type\":\"WebSite\",\"@id\":\"https:\/\/voxiuris.com\/#website\",\"url\":\"https:\/\/voxiuris.com\/\",\"name\":\"Vox Iuris\",\"description\":\"Revista Jur\u00eddica\",\"potentialAction\":[{\"@type\":\"SearchAction\",\"target\":{\"@type\":\"EntryPoint\",\"urlTemplate\":\"https:\/\/voxiuris.com\/?s={search_term_string}\"},\"query-input\":{\"@type\":\"PropertyValueSpecification\",\"valueRequired\":true,\"valueName\":\"search_term_string\"}}],\"inLanguage\":\"es\"},{\"@type\":\"Person\",\"@id\":\"https:\/\/voxiuris.com\/#\/schema\/person\/f580dfa106f705ae85c9a0a9dddb7c0d\",\"name\":\"admin\",\"image\":{\"@type\":\"ImageObject\",\"inLanguage\":\"es\",\"@id\":\"https:\/\/voxiuris.com\/#\/schema\/person\/image\/\",\"url\":\"https:\/\/secure.gravatar.com\/avatar\/9847c73b9af9121de92fd828a4c6a35ca6331f4c9977b5436327dcad45fe146c?s=96&d=mm&r=g\",\"contentUrl\":\"https:\/\/secure.gravatar.com\/avatar\/9847c73b9af9121de92fd828a4c6a35ca6331f4c9977b5436327dcad45fe146c?s=96&d=mm&r=g\",\"caption\":\"admin\"},\"sameAs\":[\"https:\/\/voxiuris.com\"],\"url\":\"https:\/\/voxiuris.com\/index.php\/author\/innovacomp\/\"}]}<\/script>\n<!-- \/ Yoast SEO plugin. -->","yoast_head_json":{"title":"Admisibilidad del caso m\u00e1ximo milagro de Jes\u00fas Gom\u00e9z Serrano - Guatemala en la corte interamericana de los Derechos Humanos - Vox Iuris","description":"El caso de Maximino Milagro de Jes\u00fas G\u00f3mez Serrano, fue admitido por la Corte Interamericana de Derechos Humanos (Corte IDH, en adelante) para su juzgamiento, el veintinueve de diciembre del a\u00f1o dos mil veintitr\u00e9s. La petici\u00f3n hace referencia a la privaci\u00f3n de libertad durante ocho a\u00f1os de Maximino Milagro de Jes\u00fas G\u00f3mez Serrano, dentro de un proceso penal. La solicitud ante la Comisi\u00f3n Interamericana de Derechos Humanos, fue basada en que el Estado de Guatemala es un Estado parte dentro de la Convenci\u00f3n Americana sobre Derechos Humanos.","robots":{"index":"index","follow":"follow","max-snippet":"max-snippet:-1","max-image-preview":"max-image-preview:large","max-video-preview":"max-video-preview:-1"},"canonical":"https:\/\/voxiuris.com\/index.php\/2024\/10\/08\/jesus-gomez-serrano-guatemala\/","og_locale":"es_ES","og_type":"article","og_title":"Admisibilidad del caso m\u00e1ximo milagro de Jes\u00fas Gom\u00e9z Serrano - Guatemala en la corte interamericana de los Derechos Humanos - Vox Iuris","og_description":"El caso de Maximino Milagro de Jes\u00fas G\u00f3mez Serrano, fue admitido por la Corte Interamericana de Derechos Humanos (Corte IDH, en adelante) para su juzgamiento, el veintinueve de diciembre del a\u00f1o dos mil veintitr\u00e9s. La petici\u00f3n hace referencia a la privaci\u00f3n de libertad durante ocho a\u00f1os de Maximino Milagro de Jes\u00fas G\u00f3mez Serrano, dentro de un proceso penal. La solicitud ante la Comisi\u00f3n Interamericana de Derechos Humanos, fue basada en que el Estado de Guatemala es un Estado parte dentro de la Convenci\u00f3n Americana sobre Derechos Humanos.","og_url":"https:\/\/voxiuris.com\/index.php\/2024\/10\/08\/jesus-gomez-serrano-guatemala\/","og_site_name":"Vox Iuris","article_published_time":"2024-10-08T20:23:15+00:00","article_modified_time":"2024-10-12T20:42:36+00:00","og_image":[{"width":740,"height":490,"url":"https:\/\/voxiuris.com\/wp-content\/uploads\/2024\/10\/derechos-humanos.webp","type":"image\/webp"}],"author":"admin","twitter_card":"summary_large_image","twitter_misc":{"Escrito por":"admin","Tiempo de lectura":"10 minutos"},"schema":{"@context":"https:\/\/schema.org","@graph":[{"@type":"WebPage","@id":"https:\/\/voxiuris.com\/index.php\/2024\/10\/08\/jesus-gomez-serrano-guatemala\/","url":"https:\/\/voxiuris.com\/index.php\/2024\/10\/08\/jesus-gomez-serrano-guatemala\/","name":"Admisibilidad del caso m\u00e1ximo milagro de Jes\u00fas Gom\u00e9z Serrano - Guatemala en la corte interamericana de los Derechos Humanos - Vox Iuris","isPartOf":{"@id":"https:\/\/voxiuris.com\/#website"},"primaryImageOfPage":{"@id":"https:\/\/voxiuris.com\/index.php\/2024\/10\/08\/jesus-gomez-serrano-guatemala\/#primaryimage"},"image":{"@id":"https:\/\/voxiuris.com\/index.php\/2024\/10\/08\/jesus-gomez-serrano-guatemala\/#primaryimage"},"thumbnailUrl":"https:\/\/voxiuris.com\/wp-content\/uploads\/2024\/10\/derechos-humanos.webp","datePublished":"2024-10-08T20:23:15+00:00","dateModified":"2024-10-12T20:42:36+00:00","author":{"@id":"https:\/\/voxiuris.com\/#\/schema\/person\/f580dfa106f705ae85c9a0a9dddb7c0d"},"description":"El caso de Maximino Milagro de Jes\u00fas G\u00f3mez Serrano, fue admitido por la Corte Interamericana de Derechos Humanos (Corte IDH, en adelante) para su juzgamiento, el veintinueve de diciembre del a\u00f1o dos mil veintitr\u00e9s. La petici\u00f3n hace referencia a la privaci\u00f3n de libertad durante ocho a\u00f1os de Maximino Milagro de Jes\u00fas G\u00f3mez Serrano, dentro de un proceso penal. La solicitud ante la Comisi\u00f3n Interamericana de Derechos Humanos, fue basada en que el Estado de Guatemala es un Estado parte dentro de la Convenci\u00f3n Americana sobre Derechos Humanos.","breadcrumb":{"@id":"https:\/\/voxiuris.com\/index.php\/2024\/10\/08\/jesus-gomez-serrano-guatemala\/#breadcrumb"},"inLanguage":"es","potentialAction":[{"@type":"ReadAction","target":["https:\/\/voxiuris.com\/index.php\/2024\/10\/08\/jesus-gomez-serrano-guatemala\/"]}]},{"@type":"ImageObject","inLanguage":"es","@id":"https:\/\/voxiuris.com\/index.php\/2024\/10\/08\/jesus-gomez-serrano-guatemala\/#primaryimage","url":"https:\/\/voxiuris.com\/wp-content\/uploads\/2024\/10\/derechos-humanos.webp","contentUrl":"https:\/\/voxiuris.com\/wp-content\/uploads\/2024\/10\/derechos-humanos.webp","width":740,"height":490},{"@type":"BreadcrumbList","@id":"https:\/\/voxiuris.com\/index.php\/2024\/10\/08\/jesus-gomez-serrano-guatemala\/#breadcrumb","itemListElement":[{"@type":"ListItem","position":1,"name":"Portada","item":"https:\/\/voxiuris.com\/"},{"@type":"ListItem","position":2,"name":"Admisibilidad del caso m\u00e1ximo milagro de Jes\u00fas Gom\u00e9z Serrano &#8211; Guatemala en la corte interamericana de los Derechos Humanos"}]},{"@type":"WebSite","@id":"https:\/\/voxiuris.com\/#website","url":"https:\/\/voxiuris.com\/","name":"Vox Iuris","description":"Revista Jur\u00eddica","potentialAction":[{"@type":"SearchAction","target":{"@type":"EntryPoint","urlTemplate":"https:\/\/voxiuris.com\/?s={search_term_string}"},"query-input":{"@type":"PropertyValueSpecification","valueRequired":true,"valueName":"search_term_string"}}],"inLanguage":"es"},{"@type":"Person","@id":"https:\/\/voxiuris.com\/#\/schema\/person\/f580dfa106f705ae85c9a0a9dddb7c0d","name":"admin","image":{"@type":"ImageObject","inLanguage":"es","@id":"https:\/\/voxiuris.com\/#\/schema\/person\/image\/","url":"https:\/\/secure.gravatar.com\/avatar\/9847c73b9af9121de92fd828a4c6a35ca6331f4c9977b5436327dcad45fe146c?s=96&d=mm&r=g","contentUrl":"https:\/\/secure.gravatar.com\/avatar\/9847c73b9af9121de92fd828a4c6a35ca6331f4c9977b5436327dcad45fe146c?s=96&d=mm&r=g","caption":"admin"},"sameAs":["https:\/\/voxiuris.com"],"url":"https:\/\/voxiuris.com\/index.php\/author\/innovacomp\/"}]}},"_links":{"self":[{"href":"https:\/\/voxiuris.com\/index.php\/wp-json\/wp\/v2\/posts\/133","targetHints":{"allow":["GET"]}}],"collection":[{"href":"https:\/\/voxiuris.com\/index.php\/wp-json\/wp\/v2\/posts"}],"about":[{"href":"https:\/\/voxiuris.com\/index.php\/wp-json\/wp\/v2\/types\/post"}],"author":[{"embeddable":true,"href":"https:\/\/voxiuris.com\/index.php\/wp-json\/wp\/v2\/users\/1"}],"replies":[{"embeddable":true,"href":"https:\/\/voxiuris.com\/index.php\/wp-json\/wp\/v2\/comments?post=133"}],"version-history":[{"count":24,"href":"https:\/\/voxiuris.com\/index.php\/wp-json\/wp\/v2\/posts\/133\/revisions"}],"predecessor-version":[{"id":526,"href":"https:\/\/voxiuris.com\/index.php\/wp-json\/wp\/v2\/posts\/133\/revisions\/526"}],"wp:featuredmedia":[{"embeddable":true,"href":"https:\/\/voxiuris.com\/index.php\/wp-json\/wp\/v2\/media\/136"}],"wp:attachment":[{"href":"https:\/\/voxiuris.com\/index.php\/wp-json\/wp\/v2\/media?parent=133"}],"wp:term":[{"taxonomy":"category","embeddable":true,"href":"https:\/\/voxiuris.com\/index.php\/wp-json\/wp\/v2\/categories?post=133"},{"taxonomy":"post_tag","embeddable":true,"href":"https:\/\/voxiuris.com\/index.php\/wp-json\/wp\/v2\/tags?post=133"}],"curies":[{"name":"wp","href":"https:\/\/api.w.org\/{rel}","templated":true}]}}